{"id":425,"date":"2013-02-06T09:36:41","date_gmt":"2013-02-06T08:36:41","guid":{"rendered":"http:\/\/www.mericler.de\/neustart\/?p=425"},"modified":"2013-02-06T09:36:41","modified_gmt":"2013-02-06T08:36:41","slug":"dell-verlasst-die-nasdaq","status":"publish","type":"post","link":"https:\/\/www.mericler.de\/neustart\/2013\/02\/06\/dell-verlasst-die-nasdaq\/","title":{"rendered":"Dell verl\u00e4sst die NASDAQ [Update]"},"content":{"rendered":"<p><strong>Februar 2013<\/strong>: F\u00fcr <a title=\"Yahoo-Meldung zu Dell\" href=\"http:\/\/finance.yahoo.com\/news\/dell-private-24-4-billion-142510219.html\">24,4 Milliarden US-Dollar<\/a> m\u00f6chte eine Gruppe von Investoren rund um den Gr\u00fcnder Michael Dell die Aktien der nach ihm benannten Unternehmens aufkaufen. Auf diese Weise wird Dell wieder eine Privatfirma und ist nicht mehr an der US-amerikanischen Technologie-B\u00f6rse NASDAQ gelistet.<\/p>\n<p><strong>Januar 2006<\/strong>: Apple-CEO Steve Jobs stellt in einer <a title=\"New York Times Online \u00fcber Jobs' E-Mail\" href=\"http:\/\/www.nytimes.com\/2006\/01\/16\/technology\/16apple.html\">E-Mail an alle Mitarbeiter<\/a> fest, dass Michael Dell seine F\u00e4higkeiten als Seher \u00fcbersch\u00e4tzt hat. Apple hat gerade mit einem B\u00f6rsenwert von 72,13 Milliarden US-Dollar den Wert von Dell mit 71,97 Milliarden US-Dollar \u00fcbertroffen.<\/p>\n<p><strong>Oktober 1997<\/strong>: Steve Jobs ist erst vor kurzem als Interim-CEO bei Apple angetreten, als Michael Dell bei einer Messe gefragt wird, was man tun k\u00f6nne, um den drohenden Bankrott von Apple abzuwenden. Recht arrogant und selbstherrlich antwortet Dell, dass er <a title=\"Dell \u00fcber Apple 1997\" href=\"http:\/\/news.cnet.com\/2100-1001-203937.html\">Apple dichtmachen und den Aktion\u00e4ren ihr Geld zur\u00fcckgeben w\u00fcrde<\/a>.<\/p>\n<p>Betrachtet man die Ereignisse in dieser Liste liegt es nahe, mit Schadenfreude zu reagieren, aber das relativierte Jobs bereits in seiner E-Mail im Januar 2006: \u201e<em>Stocks go up and down, and things may be different tomorrow, but I thought it was worth a moment of reflection today.<\/em>\u201c<\/p>\n<p><strong>Update<\/strong>: Es gab Leute, die sich an das 1997 ge\u00e4u\u00dferte Dell-Zitat erinnert und <a title=\"Dell will nicht \u00fcber 1997 reden\" href=\"http:\/\/livewire.talkingpointsmemo.com\/entry\/dell-says-ceos-shut-it-down-apple-comments\" target=\"_blank\">Dell-Verantwortliche angesprochen<\/a> haben, aber es kam wie erwartet nichts Sinnvolles dabei heraus.<\/p>\n","protected":false},"excerpt":{"rendered":"<p>Februar 2013: F\u00fcr 24,4 Milliarden US-Dollar m\u00f6chte eine Gruppe von Investoren rund um den Gr\u00fcnder Michael Dell die Aktien der nach ihm benannten Unternehmens aufkaufen. Auf diese Weise wird Dell wieder eine Privatfirma und ist nicht mehr an der US-amerikanischen Technologie-B\u00f6rse NASDAQ gelistet. Januar 2006: Apple-CEO Steve Jobs stellt in einer E-Mail an alle Mitarbeiter &hellip; <a href=\"https:\/\/www.mericler.de\/neustart\/2013\/02\/06\/dell-verlasst-die-nasdaq\/\" class=\"more-link\"><span class=\"screen-reader-text\">\u201eDell verl\u00e4sst die NASDAQ [Update]\u201c<\/span> weiterlesen<\/a><\/p>\n","protected":false},"author":1,"featured_media":426,"comment_status":"closed","ping_status":"open","sticky":false,"template":"","format":"standard","meta":{"jetpack_post_was_ever_published":false,"_jetpack_newsletter_access":"","_jetpack_dont_email_post_to_subs":false,"_jetpack_newsletter_tier_id":0,"_jetpack_memberships_contains_paywalled_content":false,"_jetpack_memberships_contains_paid_content":false,"footnotes":"","jetpack_publicize_message":"","jetpack_publicize_feature_enabled":true,"jetpack_social_post_already_shared":false,"jetpack_social_options":{"image_generator_settings":{"template":"highway","default_image_id":0,"font":"","enabled":false},"version":2}},"categories":[7],"tags":[],"class_list":["post-425","post","type-post","status-publish","format-standard","has-post-thumbnail","hentry","category-zeug"],"jetpack_publicize_connections":[],"jetpack_featured_media_url":"https:\/\/i0.wp.com\/www.mericler.de\/neustart\/wp-content\/uploads\/2013\/02\/ListedOnNASDAQ-1-1.jpg?fit=500%2C481&ssl=1","jetpack_sharing_enabled":true,"jetpack_shortlink":"https:\/\/wp.me\/p1dlcg-6R","_links":{"self":[{"href":"https:\/\/www.mericler.de\/neustart\/wp-json\/wp\/v2\/posts\/425","targetHints":{"allow":["GET"]}}],"collection":[{"href":"https:\/\/www.mericler.de\/neustart\/wp-json\/wp\/v2\/posts"}],"about":[{"href":"https:\/\/www.mericler.de\/neustart\/wp-json\/wp\/v2\/types\/post"}],"author":[{"embeddable":true,"href":"https:\/\/www.mericler.de\/neustart\/wp-json\/wp\/v2\/users\/1"}],"replies":[{"embeddable":true,"href":"https:\/\/www.mericler.de\/neustart\/wp-json\/wp\/v2\/comments?post=425"}],"version-history":[{"count":0,"href":"https:\/\/www.mericler.de\/neustart\/wp-json\/wp\/v2\/posts\/425\/revisions"}],"wp:featuredmedia":[{"embeddable":true,"href":"https:\/\/www.mericler.de\/neustart\/wp-json\/wp\/v2\/media\/426"}],"wp:attachment":[{"href":"https:\/\/www.mericler.de\/neustart\/wp-json\/wp\/v2\/media?parent=425"}],"wp:term":[{"taxonomy":"category","embeddable":true,"href":"https:\/\/www.mericler.de\/neustart\/wp-json\/wp\/v2\/categories?post=425"},{"taxonomy":"post_tag","embeddable":true,"href":"https:\/\/www.mericler.de\/neustart\/wp-json\/wp\/v2\/tags?post=425"}],"curies":[{"name":"wp","href":"https:\/\/api.w.org\/{rel}","templated":true}]}}