{"id":704,"date":"2013-10-29T14:49:22","date_gmt":"2013-10-29T13:49:22","guid":{"rendered":"http:\/\/www.mericler.de\/neustart\/?p=704"},"modified":"2013-10-29T14:49:22","modified_gmt":"2013-10-29T13:49:22","slug":"ipod-nur-noch-mit-2-prozent-an-apples-umsatz-beteiligt","status":"publish","type":"post","link":"https:\/\/www.mericler.de\/neustart\/2013\/10\/29\/ipod-nur-noch-mit-2-prozent-an-apples-umsatz-beteiligt\/","title":{"rendered":"iPod nur noch mit 2 Prozent an Apples Umsatz beteiligt"},"content":{"rendered":"<p>Wie sich die Zeiten doch \u00e4ndern: Am 23. Oktober 2001 stellte Apple den <a title=\"iPod bei der Wikipedia\" href=\"http:\/\/de.wikipedia.org\/wiki\/IPod\" target=\"_blank\">iPod<\/a> vor. Anfangs prophezeite kaum jemand dem schicken mobilen MP3-Spieler mit 5-GB-Festplatte einen Erfolg. Ich \u00fcbrigens auch nicht.<\/p>\n<p>Aus heutiger Sicht ist das kaum zu glauben, aber vor f\u00fcnf Jahren machten <a title=\"iPod-Verk\u00e4ufe-Graph\" href=\"http:\/\/commons.wikimedia.org\/wiki\/File:Ipod_sales_per_quarter.svg\" target=\"_blank\">die iPod-Verk\u00e4ufe<\/a> knapp die H\u00e4lfte von Apples Umsatz aus. Nach der gestrigen Quartalskonferenz wurde klar, dass der Musikspieler keine tragende Rolle mehr spielt, denn er fand in der <a title=\"Apple-Pressemitteilung\" href=\"http:\/\/www.apple.com\/pr\/library\/2013\/10\/28Apple-Reports-Fourth-Quarter-Results.html\" target=\"_blank\">Vorstellung der Quartalszahlen<\/a> keine Erw\u00e4hnung seitens Apples Finanzchef Peter Oppenheimer.<\/p>\n<p>Im vergangenen Quartal trug der ehemalige Star <a title=\"iPod-Verkaufszahl\" href=\"http:\/\/techcrunch.com\/2013\/10\/28\/apple-q4-2013-iphone-ipad-mac-sales\/\" target=\"_blank\">mit 3,5 Millionen verkauften St\u00fcck<\/a> lediglich\u00a0zwei Prozent zu Apples Umsatz bei.<\/p>\n<p>Die Grafik stammt von <a title=\"Grafiken zu Apples Quartalszahlen 4 in 2013\" href=\"http:\/\/techcrunch.com\/2013\/10\/28\/apple-4q13-earnings-charts\/\" target=\"_blank\">techcrunch.com<\/a>.<\/p>\n","protected":false},"excerpt":{"rendered":"<p>Wie sich die Zeiten doch \u00e4ndern: Am 23. Oktober 2001 stellte Apple den iPod vor. Anfangs prophezeite kaum jemand dem schicken mobilen MP3-Spieler mit 5-GB-Festplatte einen Erfolg. Ich \u00fcbrigens auch nicht. Aus heutiger Sicht ist das kaum zu glauben, aber vor f\u00fcnf Jahren machten die iPod-Verk\u00e4ufe knapp die H\u00e4lfte von Apples Umsatz aus. Nach der &hellip; <a href=\"https:\/\/www.mericler.de\/neustart\/2013\/10\/29\/ipod-nur-noch-mit-2-prozent-an-apples-umsatz-beteiligt\/\" class=\"more-link\"><span class=\"screen-reader-text\">\u201eiPod nur noch mit 2 Prozent an Apples Umsatz beteiligt\u201c<\/span> weiterlesen<\/a><\/p>\n","protected":false},"author":1,"featured_media":705,"comment_status":"closed","ping_status":"open","sticky":false,"template":"","format":"standard","meta":{"jetpack_post_was_ever_published":false,"_jetpack_newsletter_access":"","_jetpack_dont_email_post_to_subs":false,"_jetpack_newsletter_tier_id":0,"_jetpack_memberships_contains_paywalled_content":false,"_jetpack_memberships_contains_paid_content":false,"footnotes":"","jetpack_publicize_message":"","jetpack_publicize_feature_enabled":true,"jetpack_social_post_already_shared":false,"jetpack_social_options":{"image_generator_settings":{"template":"highway","default_image_id":0,"font":"","enabled":false},"version":2}},"categories":[7],"tags":[],"class_list":["post-704","post","type-post","status-publish","format-standard","has-post-thumbnail","hentry","category-zeug"],"jetpack_publicize_connections":[],"jetpack_featured_media_url":"https:\/\/i0.wp.com\/www.mericler.de\/neustart\/wp-content\/uploads\/2013\/10\/2013-4-Umsatz-1.png?fit=666%2C346&ssl=1","jetpack_sharing_enabled":true,"jetpack_shortlink":"https:\/\/wp.me\/p1dlcg-bm","_links":{"self":[{"href":"https:\/\/www.mericler.de\/neustart\/wp-json\/wp\/v2\/posts\/704","targetHints":{"allow":["GET"]}}],"collection":[{"href":"https:\/\/www.mericler.de\/neustart\/wp-json\/wp\/v2\/posts"}],"about":[{"href":"https:\/\/www.mericler.de\/neustart\/wp-json\/wp\/v2\/types\/post"}],"author":[{"embeddable":true,"href":"https:\/\/www.mericler.de\/neustart\/wp-json\/wp\/v2\/users\/1"}],"replies":[{"embeddable":true,"href":"https:\/\/www.mericler.de\/neustart\/wp-json\/wp\/v2\/comments?post=704"}],"version-history":[{"count":0,"href":"https:\/\/www.mericler.de\/neustart\/wp-json\/wp\/v2\/posts\/704\/revisions"}],"wp:featuredmedia":[{"embeddable":true,"href":"https:\/\/www.mericler.de\/neustart\/wp-json\/wp\/v2\/media\/705"}],"wp:attachment":[{"href":"https:\/\/www.mericler.de\/neustart\/wp-json\/wp\/v2\/media?parent=704"}],"wp:term":[{"taxonomy":"category","embeddable":true,"href":"https:\/\/www.mericler.de\/neustart\/wp-json\/wp\/v2\/categories?post=704"},{"taxonomy":"post_tag","embeddable":true,"href":"https:\/\/www.mericler.de\/neustart\/wp-json\/wp\/v2\/tags?post=704"}],"curies":[{"name":"wp","href":"https:\/\/api.w.org\/{rel}","templated":true}]}}