{"id":842,"date":"2015-08-16T20:46:39","date_gmt":"2015-08-16T18:46:39","guid":{"rendered":"http:\/\/www.mericler.de\/neustart\/?p=842"},"modified":"2015-08-16T20:46:39","modified_gmt":"2015-08-16T18:46:39","slug":"wie-austauschbar-sind-print-titel-eigentlich","status":"publish","type":"post","link":"https:\/\/www.mericler.de\/neustart\/2015\/08\/16\/wie-austauschbar-sind-print-titel-eigentlich\/","title":{"rendered":"Wie austauschbar sind Print-Titel eigentlich?"},"content":{"rendered":"<p>Ich fahre h\u00e4ufig mit der Bahn und freue mich jedes Mal, wenn ich ein Magazin oder eine Tageszeitung finde. Vergangene Woche habe ich einen \u201e<a href=\"http:\/\/www.stern.de\" target=\"_blank\">stern<\/a>\u201c gefunden und sogleich angefangen darin zu bl\u00e4ttern, ohne zu ahnen, dass mich das harmlose \u00dcberfliegen tief schockieren w\u00fcrde.<\/p>\n<p>Das Titelthema war \u201eNew York \u2013\u00a0Warum die Hauptstadt der Welt noch nie so sch\u00f6n war wie heute\u201c \u2013 <em>hm, naja, kaufen w\u00fcrde ich die Zeitschrift daf\u00fcr nicht, aber f\u00fcr lau &#8230; who cares?<\/em> Inhaltsverzeichnis\u00a0und Leserbriefe \u00fcberbl\u00e4ttert, anschlie\u00dfend kamen die Bilder der Woche: Afghanistan, Obama, Vulkan auf den Philippinen \u2013 <em>hm, ok, nix Besonderes<\/em>, dann noch ein Bild mit hunderten von Telefonzellen der Post und der Telekom Die Telefonzellen werden f\u00fcr einige hundert Euro an Selbstabholer verkauft, das fand ich interessant, denn so richtig gelbe Telefonzellen gibt&#8217;s ja schlie\u00dflich schon lange nicht mehr. <em>Sollte man sich so etwas in den Garten stellen? H\u00f6, h\u00f6, h\u00f6 \u2026<br \/>\n<\/em><br \/>\nEin Bild von Jean-Claude Juncker und Martin Schulz \u2013 <em>ach, das wird wieder irgendwas mit Griechenland sein<\/em>, weiterbl\u00e4ttern. Viele kleine Info-H\u00e4ppchen folgen, darunter: Die US-Raketenbasen arbeiten noch mit Disketten \u2013 <em>what?<\/em> Aber dann die Erkl\u00e4rung: Disketten sind g\u00fcnstig und die Raketensilos sind aus Sicherheitsgr\u00fcnden nicht vernetzt,<em> ja, das ist nachvollziehbar<\/em>.<br \/>\nDanach ein Artikel \u00fcber Hoene\u00df \u2013 <em>ach, stimmt, ja, der sitzt im Knast<\/em>, weiter.<br \/>\nKleinere Artikel: Misswahl hier, Arbeitswege dort.<br \/>\nNoch etwas zu Jean-Claude Juncker, <em>egal<\/em>, weiter.<\/p>\n<p>Als n\u00e4chstes: Info-Grafik zum Muttertag. <em>Hm? Von wann ist denn dieser stern, denn der Muttertag ist ja schon ein bisschen her<\/em>, schnell vorne auf den Titel gucken, <em>ach so, Erscheinungsdatum war der 8. Mai, hui, das ist schon ein bisschen her, komisch, dass so eine alte Zeitschrift jetzt Anfang August im Zug liegt. Lustig ist ja auch, dass ich bis zur Seite 32 gebl\u00e4ttert habe, bis ich das erste Mal stutzig wurde, dass das vorliegende Wochenmagazin nicht aktuell ist.<\/em><br \/>\nWeiter: Wieder Mini-Texte: Conchita Wurst, Gerhard Schr\u00f6der, Heinz Schenk \u2013 <em>egal<\/em>.<\/p>\n<p>Dann das gro\u00dfe Titelthema zu New York \u2013 <em>ne, will ich nicht lesen<\/em>, weiter.<br \/>\nAuf Seite 54 nun ein Artikel zum Konflikt zwischen Russland und der Ukraine mit brutalen Bildern \u2013 <em>ich bin etwas schockiert, denn ich hatte den Eindruck, dort sei es ruhiger geworden, aber lesen will ich das jetzt nicht, sondern lieber weiterbl\u00e4ttern<\/em>.<br \/>\nEtwas zur Odenwaldschule folgt \u2013 <em>ne, interessiert mich nicht<\/em>.<br \/>\nNun ein Riesen-Artikel zu George Clooney und seiner Freundin Amal Alamuddin \u2013 <em>who the fuck cares<\/em>?<\/p>\n<p>Jetzt\u00a0ein l\u00e4ngerer Text zum Tod des deutschen Austauschsch\u00fclers Diren Dede in den USA \u2013 <em>stimmt, das war \u00fcbel, aber das ist doch einige Zeit her<\/em>. Damals als es passiert ist, habe ich viel dazu gelesen, denn ich fand das f\u00fcrchterlich. Ich frage mich, warum der stern nochmals dar\u00fcber schreibt und antworte mir selbst, indem ich denke, dass es wohl jetzt ein Jahr oder so her ist und hier noch ein R\u00fcckblick pr\u00e4sentiert wird. Ich habe damals so viel dazu rezipiert, dass ich das jetzt nicht lesen m\u00f6chte, vielleicht nachher, erst einmal weiterbl\u00e4ttern.<br \/>\nSeite 74, die Mitte der Ausgabe: Irgendwas \u00fcber Bauchschmerzen \u2026<\/p>\n<p>Langes Interview mit Jogi L\u00f6w folgt \u2013 <em>wird wohl auch ein R\u00fcckblick sein nach dem Motto: \u201eEin Jahr Weltmeister \u2013 wie denkt Jogi dar\u00fcber?\u201c \u2026 doch \u2026 unter dem Bild steht \u201eDie Nationalmannschaft will sich im Campo Bahia auf das Turnier vorbereiten.\u201c \u2026 bitte?<\/em> Futur? Ich bin verwirrt, ich schaue mir nochmals den Titel an und bin geschockt: Der stern ist nicht vom 8. Mai dieses Jahres, sondern vom 8. Mai 2014.<\/p>\n<p><em>Wie krass, was f\u00fcr ein Schock \u2026 ich habe bis zur Seite 80 gebl\u00e4ttert und Bilder sowie \u00dcberschriften \u00fcberflogen, ohne zu merken, dass diese Ausgabe des\u00a0Magazins \u00fcber ein Jahr alt ist.<\/em><br \/>\nDer Vollst\u00e4ndigkeit halber: Es folgen noch Artikel zum Ersten Weltkrieg, zur Sonne als Energie-Quelle, zur Fotografie, dann noch Comics, Rezepte, Bestseller-Listen und ein \u201eWas macht eigentlich?\u201c zu Katja Ebstein schlie\u00dft das Heft ab. Alles Artikel, die beim \u00dcberfliegen 2013, 2014 und auch 2015 publiziert werden k\u00f6nnten, ohne dass es auf den ersten Blick auff\u00e4llt.<\/p>\n<p>Ein <a href=\"https:\/\/de.wikipedia.org\/wiki\/Stern_(Zeitschrift)\" target=\"_blank\">Wochen-Magazin wie der stern<\/a> lebt nur zum Teil von seiner Aktualit\u00e4t, es lebt auch von so genannten \u201ebunten\u201c Geschichten, die\u00a0unterhalten sollen. Das Lesen und Bl\u00e4ttern soll der Leserin und dem Leser leicht fallen. \u00dcberrascht, bin ich dann doch, wie austauschbar die Inhalte eines\u00a0stern-Magazins\u00a0sind und auch wie viele\u00a0Themen und Artikel im Heft\u00a0Platz finden,\u00a0deren jeweiliger Ver\u00f6ffentlichungszeitpunkt eine recht geringe\u00a0Rolle spielt.<\/p>\n","protected":false},"excerpt":{"rendered":"<p>Ich fahre h\u00e4ufig mit der Bahn und freue mich jedes Mal, wenn ich ein Magazin oder eine Tageszeitung finde. Vergangene Woche habe ich einen \u201estern\u201c gefunden und sogleich angefangen darin zu bl\u00e4ttern, ohne zu ahnen, dass mich das harmlose \u00dcberfliegen tief schockieren w\u00fcrde. Das Titelthema war \u201eNew York \u2013\u00a0Warum die Hauptstadt der Welt noch nie &hellip; <a href=\"https:\/\/www.mericler.de\/neustart\/2015\/08\/16\/wie-austauschbar-sind-print-titel-eigentlich\/\" class=\"more-link\"><span class=\"screen-reader-text\">\u201eWie austauschbar sind Print-Titel eigentlich?\u201c<\/span> weiterlesen<\/a><\/p>\n","protected":false},"author":1,"featured_media":846,"comment_status":"closed","ping_status":"open","sticky":false,"template":"","format":"standard","meta":{"jetpack_post_was_ever_published":false,"_jetpack_newsletter_access":"","_jetpack_dont_email_post_to_subs":false,"_jetpack_newsletter_tier_id":0,"_jetpack_memberships_contains_paywalled_content":false,"_jetpack_memberships_contains_paid_content":false,"footnotes":"","jetpack_publicize_message":"","jetpack_publicize_feature_enabled":true,"jetpack_social_post_already_shared":false,"jetpack_social_options":{"image_generator_settings":{"template":"highway","default_image_id":0,"font":"","enabled":false},"version":2}},"categories":[3],"tags":[],"class_list":["post-842","post","type-post","status-publish","format-standard","has-post-thumbnail","hentry","category-journalismus"],"jetpack_publicize_connections":[],"jetpack_featured_media_url":"https:\/\/i0.wp.com\/www.mericler.de\/neustart\/wp-content\/uploads\/2015\/08\/stern_nr_20-1.png?fit=570%2C769&ssl=1","jetpack_sharing_enabled":true,"jetpack_shortlink":"https:\/\/wp.me\/p1dlcg-dA","_links":{"self":[{"href":"https:\/\/www.mericler.de\/neustart\/wp-json\/wp\/v2\/posts\/842","targetHints":{"allow":["GET"]}}],"collection":[{"href":"https:\/\/www.mericler.de\/neustart\/wp-json\/wp\/v2\/posts"}],"about":[{"href":"https:\/\/www.mericler.de\/neustart\/wp-json\/wp\/v2\/types\/post"}],"author":[{"embeddable":true,"href":"https:\/\/www.mericler.de\/neustart\/wp-json\/wp\/v2\/users\/1"}],"replies":[{"embeddable":true,"href":"https:\/\/www.mericler.de\/neustart\/wp-json\/wp\/v2\/comments?post=842"}],"version-history":[{"count":0,"href":"https:\/\/www.mericler.de\/neustart\/wp-json\/wp\/v2\/posts\/842\/revisions"}],"wp:featuredmedia":[{"embeddable":true,"href":"https:\/\/www.mericler.de\/neustart\/wp-json\/wp\/v2\/media\/846"}],"wp:attachment":[{"href":"https:\/\/www.mericler.de\/neustart\/wp-json\/wp\/v2\/media?parent=842"}],"wp:term":[{"taxonomy":"category","embeddable":true,"href":"https:\/\/www.mericler.de\/neustart\/wp-json\/wp\/v2\/categories?post=842"},{"taxonomy":"post_tag","embeddable":true,"href":"https:\/\/www.mericler.de\/neustart\/wp-json\/wp\/v2\/tags?post=842"}],"curies":[{"name":"wp","href":"https:\/\/api.w.org\/{rel}","templated":true}]}}